{"id":5311,"date":"2021-12-14T16:52:54","date_gmt":"2021-12-14T15:52:54","guid":{"rendered":"https:\/\/buch-ist-mehr.de\/shop\/?p=5311"},"modified":"2021-12-14T16:52:56","modified_gmt":"2021-12-14T15:52:56","slug":"leseprobe-die-alchimar-start-ins-leben","status":"publish","type":"post","link":"https:\/\/buch-ist-mehr.de\/shop\/leseprobe-die-alchimar-start-ins-leben\/","title":{"rendered":"Leseprobe: Die Alchimar &#8211; Start ins Leben"},"content":{"rendered":"<p>Maja setzte sich aufrecht auf die Couch und sah ihrer Mutter offen in die Augen. \u00bbWas ich dir erz\u00e4hlen werde, ist wahrscheinlich nicht so einfach zu glauben, aber ich m\u00f6chte, dass du mich anh\u00f6rst, bis ich fertig bin.\u00ab Abwartend sah sie ihre Mutter an. Miriam nickte zustimmend und Maja begann zu reden.<\/p>\n<p>Sie erz\u00e4hlte von Salomirs erstem Besuch in ihrem Kinderzimmer. Davon, dass sie seitdem jede Nacht in der Akademie verbracht hatte, um zu lernen. Sie berichtete von den Alchimar und der Aufgabe, der sie sich verschworen hatten. Auch von Alame erz\u00e4hlte sie, von dem Rat der Weisen und dem Gleichgewicht zwischen der Oberen und der Unteren Welt. Maja erz\u00e4hlte von der Gefahr, dass die Ordnung zwischen den Welten kippte und von den Anstrengungen, dies zu verhindern. Schlie\u00dflich endete sie mit der Nacht in der H\u00fctte im Wald und sah ihre Mutter aufmerksam an.<\/p>\n<p>Miriam sa\u00df nur da, sie sagte kein Wort und starrte vor sich hin. Die Worte des M\u00e4dchens hatte sie zwar vernommen, aber kein Wort verstanden. Ihr kamen ernsthafte Zweifel an der Gesundheit ihres Kindes. Trotzdem konnte sie sich nicht gegen ein seltsames Gef\u00fchl in der Magengegend wehren, das ihr jedes Wort zu best\u00e4tigen schien.<\/p>\n<p>Verwirrt versuchte sie, ihre Gedanken zu ordnen. Ein einziges, winziges Detail an Majas Geschichte hatte sie aufhorchen lassen. Die Beschreibung von Salomir, wie er in seinem wei\u00dfen Hemd nachts an ihrem Bett erschienen war. Die \u00c4hnlichkeit zu ihren eigenen Tr\u00e4umen war nicht wegzudiskutieren und trotzdem wollte Miriam nicht akzeptieren, dass auch nur ein Wort von dem, was Maja erz\u00e4hlte, wahr sein k\u00f6nnte.<\/p>\n<p>Wenn aber alles nur der Fantasie eines siebenj\u00e4hrigen M\u00e4dchens entsprang, wie sollte sie sich die \u00dcbereinstimmung der Tr\u00e4ume erkl\u00e4ren? Oder die Tatsache, dass Maja ihr die H\u00e4nde aufgelegt und sie sich schlagartig besser gef\u00fchlt hatte? Miriams Gedanken \u00fcberschlugen sich fast, bem\u00fcht darum, eine \u00fcberzeugende Erkl\u00e4rung zu finden, die nicht ganz so verr\u00fcckt klang wie die Worte ihres Kindes.<\/p>\n<p>Als h\u00e4tte Maja die Gedanken ihrer Mutter gelesen, erklang pl\u00f6tzlich ihre ruhige Stimme. \u00bbEr hei\u00dft \u00fcbrigens Milos.\u00ab Erschrocken blickte Miriam auf. \u00bbDer Mann, der dich heute Nacht besucht hat, dein Geistf\u00fchrer. Er hei\u00dft Milos.\u00ab Maja l\u00e4chelte sie liebevoll an und Miriam lie\u00df sich schwer in die Kissen der Couch fallen. Ihr Geistf\u00fchrer hie\u00df also Milos. Das alles \u00fcberstieg ihre F\u00e4higkeiten.<\/p>\n<p>\u00bbMal angenommen, ich w\u00fcrde dir glauben. Wieso habe ich dann kein Wort verstehen k\u00f6nnen von dem, was er mir sagen wollte?\u00ab Das Grinsen ihrer Tochter lie\u00df sie zusammenzucken. Ohne es zu merken, hatte sie zumindest eingestanden, dass sie diesen Traum gehabt hatte. Triumphierend knuffte Maja sie in die Seite. \u00bbUnd wenn du mir nicht glaubst, wie erkl\u00e4rst du mir dann, dass du heute Nacht Besuch von einem Mann im wei\u00dfen Hemd hattest?\u00ab<\/p>\n<p>Beschwichtigend hob Miriam die H\u00e4nde. \u00bbDas kann ich dir nicht erkl\u00e4ren. Aber du musst schon zugeben, das ganze Gerede von der geistigen Welt, von heilenden H\u00e4nden und dem alten Wissen h\u00f6rt sich ziemlich abgedreht an.\u00ab Fr\u00f6hlich lachend warf Maja sich in die Arme ihrer Mutter, g\u00f6nnte es sich einen kurzen Augenblick lang, wieder sieben Jahre alt zu sein. \u00bbJa, aber jedes Wort ist wahr. Ist das nicht herrlich? Wir k\u00f6nnen so viel Gutes tun, soviel erreichen. Wir m\u00fcssen es nur selbst wollen.\u00ab<\/p>\n","protected":false},"excerpt":{"rendered":"<p>Maja setzte sich aufrecht auf die Couch und sah ihrer Mutter offen in die Augen. \u00bbWas ich dir erz\u00e4hlen werde, ist wahrscheinlich nicht so einfach zu glauben, aber ich m\u00f6chte, dass du mich anh\u00f6rst, bis ich fertig bin.\u00ab Abwartend sah sie ihre Mutter an. Miriam nickte zustimmend und Maja begann zu reden. Sie erz\u00e4hlte von [&hellip;]<\/p>\n","protected":false},"author":28,"featured_media":1862,"comment_status":"closed","ping_status":"closed","sticky":false,"template":"","format":"standard","meta":{"footnotes":""},"categories":[771],"tags":[1019,965,987],"class_list":["post-5311","post","type-post","status-publish","format-standard","has-post-thumbnail","hentry","category-leseproben","tag-ausserkoerperlichkeit","tag-fantasy","tag-selbstentwicklung"],"yoast_head":"<!-- This site is optimized with the Yoast SEO plugin v26.2 - https:\/\/yoast.com\/wordpress\/plugins\/seo\/ -->\n<title>Leseprobe: Die Alchimar - Start ins Leben - Verlag 3.0<\/title>\n<meta name=\"description\" content=\"Leseprobe: Die Alchimar - Start ins Leben. Fantasy-Serie von Natalie Jakobi.\" \/>\n<meta name=\"robots\" content=\"index, follow, max-snippet:-1, max-image-preview:large, max-video-preview:-1\" \/>\n<link rel=\"canonical\" href=\"https:\/\/buch-ist-mehr.de\/shop\/leseprobe-die-alchimar-start-ins-leben\/\" \/>\n<meta property=\"og:locale\" content=\"de_DE\" \/>\n<meta property=\"og:type\" content=\"article\" \/>\n<meta property=\"og:title\" content=\"Leseprobe: Die Alchimar - Start ins Leben - Verlag 3.0\" \/>\n<meta property=\"og:description\" content=\"Leseprobe: Die Alchimar - Start ins Leben. Fantasy-Serie von Natalie Jakobi.\" \/>\n<meta property=\"og:url\" content=\"https:\/\/buch-ist-mehr.de\/shop\/leseprobe-die-alchimar-start-ins-leben\/\" \/>\n<meta property=\"og:site_name\" content=\"Verlag 3.0\" \/>\n<meta property=\"article:published_time\" content=\"2021-12-14T15:52:54+00:00\" \/>\n<meta property=\"article:modified_time\" content=\"2021-12-14T15:52:56+00:00\" \/>\n<meta property=\"og:image\" content=\"https:\/\/buch-ist-mehr.de\/shop\/wp-content\/uploads\/2018\/07\/aclhimar1_front_VLB.jpg\" \/>\n\t<meta property=\"og:image:width\" content=\"1619\" \/>\n\t<meta property=\"og:image:height\" content=\"2481\" \/>\n\t<meta property=\"og:image:type\" content=\"image\/jpeg\" \/>\n<meta name=\"author\" content=\"Verlag 3.0\" \/>\n<meta name=\"twitter:card\" content=\"summary_large_image\" \/>\n<meta name=\"twitter:label1\" content=\"Verfasst von\" \/>\n\t<meta name=\"twitter:data1\" content=\"Verlag 3.0\" \/>\n\t<meta name=\"twitter:label2\" content=\"Gesch\u00e4tzte Lesezeit\" \/>\n\t<meta name=\"twitter:data2\" content=\"3\u00a0Minuten\" \/>\n<script type=\"application\/ld+json\" class=\"yoast-schema-graph\">{\"@context\":\"https:\/\/schema.org\",\"@graph\":[{\"@type\":\"Article\",\"@id\":\"https:\/\/buch-ist-mehr.de\/shop\/leseprobe-die-alchimar-start-ins-leben\/#article\",\"isPartOf\":{\"@id\":\"https:\/\/buch-ist-mehr.de\/shop\/leseprobe-die-alchimar-start-ins-leben\/\"},\"author\":{\"name\":\"Verlag 3.0\",\"@id\":\"https:\/\/buch-ist-mehr.de\/shop\/#\/schema\/person\/5f7efdeabc2074db8a3527ac5b4838fc\"},\"headline\":\"Leseprobe: Die Alchimar &#8211; Start ins Leben\",\"datePublished\":\"2021-12-14T15:52:54+00:00\",\"dateModified\":\"2021-12-14T15:52:56+00:00\",\"mainEntityOfPage\":{\"@id\":\"https:\/\/buch-ist-mehr.de\/shop\/leseprobe-die-alchimar-start-ins-leben\/\"},\"wordCount\":583,\"publisher\":{\"@id\":\"https:\/\/buch-ist-mehr.de\/shop\/#organization\"},\"image\":{\"@id\":\"https:\/\/buch-ist-mehr.de\/shop\/leseprobe-die-alchimar-start-ins-leben\/#primaryimage\"},\"thumbnailUrl\":\"https:\/\/buch-ist-mehr.de\/shop\/wp-content\/uploads\/2018\/07\/aclhimar1_front_VLB.jpg\",\"keywords\":[\"Au\u00dferk\u00f6rperlichkeit\",\"Fantasy\",\"Selbstentwicklung\"],\"articleSection\":[\"Leseproben\"],\"inLanguage\":\"de\"},{\"@type\":\"WebPage\",\"@id\":\"https:\/\/buch-ist-mehr.de\/shop\/leseprobe-die-alchimar-start-ins-leben\/\",\"url\":\"https:\/\/buch-ist-mehr.de\/shop\/leseprobe-die-alchimar-start-ins-leben\/\",\"name\":\"Leseprobe: Die Alchimar - Start ins Leben - Verlag 3.0\",\"isPartOf\":{\"@id\":\"https:\/\/buch-ist-mehr.de\/shop\/#website\"},\"primaryImageOfPage\":{\"@id\":\"https:\/\/buch-ist-mehr.de\/shop\/leseprobe-die-alchimar-start-ins-leben\/#primaryimage\"},\"image\":{\"@id\":\"https:\/\/buch-ist-mehr.de\/shop\/leseprobe-die-alchimar-start-ins-leben\/#primaryimage\"},\"thumbnailUrl\":\"https:\/\/buch-ist-mehr.de\/shop\/wp-content\/uploads\/2018\/07\/aclhimar1_front_VLB.jpg\",\"datePublished\":\"2021-12-14T15:52:54+00:00\",\"dateModified\":\"2021-12-14T15:52:56+00:00\",\"description\":\"Leseprobe: Die Alchimar - Start ins Leben. Fantasy-Serie von Natalie Jakobi.\",\"breadcrumb\":{\"@id\":\"https:\/\/buch-ist-mehr.de\/shop\/leseprobe-die-alchimar-start-ins-leben\/#breadcrumb\"},\"inLanguage\":\"de\",\"potentialAction\":[{\"@type\":\"ReadAction\",\"target\":[\"https:\/\/buch-ist-mehr.de\/shop\/leseprobe-die-alchimar-start-ins-leben\/\"]}]},{\"@type\":\"ImageObject\",\"inLanguage\":\"de\",\"@id\":\"https:\/\/buch-ist-mehr.de\/shop\/leseprobe-die-alchimar-start-ins-leben\/#primaryimage\",\"url\":\"https:\/\/buch-ist-mehr.de\/shop\/wp-content\/uploads\/2018\/07\/aclhimar1_front_VLB.jpg\",\"contentUrl\":\"https:\/\/buch-ist-mehr.de\/shop\/wp-content\/uploads\/2018\/07\/aclhimar1_front_VLB.jpg\",\"width\":1619,\"height\":2481,\"caption\":\"Start ins Leben\"},{\"@type\":\"BreadcrumbList\",\"@id\":\"https:\/\/buch-ist-mehr.de\/shop\/leseprobe-die-alchimar-start-ins-leben\/#breadcrumb\",\"itemListElement\":[{\"@type\":\"ListItem\",\"position\":1,\"name\":\"Startseite\",\"item\":\"https:\/\/buch-ist-mehr.de\/shop\/\"},{\"@type\":\"ListItem\",\"position\":2,\"name\":\"Leseprobe: Die Alchimar &#8211; Start ins Leben\"}]},{\"@type\":\"WebSite\",\"@id\":\"https:\/\/buch-ist-mehr.de\/shop\/#website\",\"url\":\"https:\/\/buch-ist-mehr.de\/shop\/\",\"name\":\"Verlag 3.0\",\"description\":\"\",\"publisher\":{\"@id\":\"https:\/\/buch-ist-mehr.de\/shop\/#organization\"},\"potentialAction\":[{\"@type\":\"SearchAction\",\"target\":{\"@type\":\"EntryPoint\",\"urlTemplate\":\"https:\/\/buch-ist-mehr.de\/shop\/?s={search_term_string}\"},\"query-input\":{\"@type\":\"PropertyValueSpecification\",\"valueRequired\":true,\"valueName\":\"search_term_string\"}}],\"inLanguage\":\"de\"},{\"@type\":\"Organization\",\"@id\":\"https:\/\/buch-ist-mehr.de\/shop\/#organization\",\"name\":\"Verlag 3.0\",\"url\":\"https:\/\/buch-ist-mehr.de\/shop\/\",\"logo\":{\"@type\":\"ImageObject\",\"inLanguage\":\"de\",\"@id\":\"https:\/\/buch-ist-mehr.de\/shop\/#\/schema\/logo\/image\/\",\"url\":\"https:\/\/buch-ist-mehr.de\/shop\/wp-content\/uploads\/2017\/10\/logo_mit_schriftzug.png\",\"contentUrl\":\"https:\/\/buch-ist-mehr.de\/shop\/wp-content\/uploads\/2017\/10\/logo_mit_schriftzug.png\",\"width\":1538,\"height\":865,\"caption\":\"Verlag 3.0\"},\"image\":{\"@id\":\"https:\/\/buch-ist-mehr.de\/shop\/#\/schema\/logo\/image\/\"}},{\"@type\":\"Person\",\"@id\":\"https:\/\/buch-ist-mehr.de\/shop\/#\/schema\/person\/5f7efdeabc2074db8a3527ac5b4838fc\",\"name\":\"Verlag 3.0\",\"image\":{\"@type\":\"ImageObject\",\"inLanguage\":\"de\",\"@id\":\"https:\/\/buch-ist-mehr.de\/shop\/#\/schema\/person\/image\/\",\"url\":\"https:\/\/secure.gravatar.com\/avatar\/31472bef343372bddb06c60fe8c0aaa07c1bcafd167eb8e1246240b42a39b41c?s=96&d=blank&r=g\",\"contentUrl\":\"https:\/\/secure.gravatar.com\/avatar\/31472bef343372bddb06c60fe8c0aaa07c1bcafd167eb8e1246240b42a39b41c?s=96&d=blank&r=g\",\"caption\":\"Verlag 3.0\"},\"url\":\"https:\/\/buch-ist-mehr.de\/shop\/author\/verlag-3-0\/\"}]}<\/script>\n<!-- \/ Yoast SEO plugin. -->","yoast_head_json":{"title":"Leseprobe: Die Alchimar - Start ins Leben - Verlag 3.0","description":"Leseprobe: Die Alchimar - Start ins Leben. Fantasy-Serie von Natalie Jakobi.","robots":{"index":"index","follow":"follow","max-snippet":"max-snippet:-1","max-image-preview":"max-image-preview:large","max-video-preview":"max-video-preview:-1"},"canonical":"https:\/\/buch-ist-mehr.de\/shop\/leseprobe-die-alchimar-start-ins-leben\/","og_locale":"de_DE","og_type":"article","og_title":"Leseprobe: Die Alchimar - Start ins Leben - Verlag 3.0","og_description":"Leseprobe: Die Alchimar - Start ins Leben. Fantasy-Serie von Natalie Jakobi.","og_url":"https:\/\/buch-ist-mehr.de\/shop\/leseprobe-die-alchimar-start-ins-leben\/","og_site_name":"Verlag 3.0","article_published_time":"2021-12-14T15:52:54+00:00","article_modified_time":"2021-12-14T15:52:56+00:00","og_image":[{"width":1619,"height":2481,"url":"https:\/\/buch-ist-mehr.de\/shop\/wp-content\/uploads\/2018\/07\/aclhimar1_front_VLB.jpg","type":"image\/jpeg"}],"author":"Verlag 3.0","twitter_card":"summary_large_image","twitter_misc":{"Verfasst von":"Verlag 3.0","Gesch\u00e4tzte Lesezeit":"3\u00a0Minuten"},"schema":{"@context":"https:\/\/schema.org","@graph":[{"@type":"Article","@id":"https:\/\/buch-ist-mehr.de\/shop\/leseprobe-die-alchimar-start-ins-leben\/#article","isPartOf":{"@id":"https:\/\/buch-ist-mehr.de\/shop\/leseprobe-die-alchimar-start-ins-leben\/"},"author":{"name":"Verlag 3.0","@id":"https:\/\/buch-ist-mehr.de\/shop\/#\/schema\/person\/5f7efdeabc2074db8a3527ac5b4838fc"},"headline":"Leseprobe: Die Alchimar &#8211; Start ins Leben","datePublished":"2021-12-14T15:52:54+00:00","dateModified":"2021-12-14T15:52:56+00:00","mainEntityOfPage":{"@id":"https:\/\/buch-ist-mehr.de\/shop\/leseprobe-die-alchimar-start-ins-leben\/"},"wordCount":583,"publisher":{"@id":"https:\/\/buch-ist-mehr.de\/shop\/#organization"},"image":{"@id":"https:\/\/buch-ist-mehr.de\/shop\/leseprobe-die-alchimar-start-ins-leben\/#primaryimage"},"thumbnailUrl":"https:\/\/buch-ist-mehr.de\/shop\/wp-content\/uploads\/2018\/07\/aclhimar1_front_VLB.jpg","keywords":["Au\u00dferk\u00f6rperlichkeit","Fantasy","Selbstentwicklung"],"articleSection":["Leseproben"],"inLanguage":"de"},{"@type":"WebPage","@id":"https:\/\/buch-ist-mehr.de\/shop\/leseprobe-die-alchimar-start-ins-leben\/","url":"https:\/\/buch-ist-mehr.de\/shop\/leseprobe-die-alchimar-start-ins-leben\/","name":"Leseprobe: Die Alchimar - Start ins Leben - Verlag 3.0","isPartOf":{"@id":"https:\/\/buch-ist-mehr.de\/shop\/#website"},"primaryImageOfPage":{"@id":"https:\/\/buch-ist-mehr.de\/shop\/leseprobe-die-alchimar-start-ins-leben\/#primaryimage"},"image":{"@id":"https:\/\/buch-ist-mehr.de\/shop\/leseprobe-die-alchimar-start-ins-leben\/#primaryimage"},"thumbnailUrl":"https:\/\/buch-ist-mehr.de\/shop\/wp-content\/uploads\/2018\/07\/aclhimar1_front_VLB.jpg","datePublished":"2021-12-14T15:52:54+00:00","dateModified":"2021-12-14T15:52:56+00:00","description":"Leseprobe: Die Alchimar - Start ins Leben. Fantasy-Serie von Natalie Jakobi.","breadcrumb":{"@id":"https:\/\/buch-ist-mehr.de\/shop\/leseprobe-die-alchimar-start-ins-leben\/#breadcrumb"},"inLanguage":"de","potentialAction":[{"@type":"ReadAction","target":["https:\/\/buch-ist-mehr.de\/shop\/leseprobe-die-alchimar-start-ins-leben\/"]}]},{"@type":"ImageObject","inLanguage":"de","@id":"https:\/\/buch-ist-mehr.de\/shop\/leseprobe-die-alchimar-start-ins-leben\/#primaryimage","url":"https:\/\/buch-ist-mehr.de\/shop\/wp-content\/uploads\/2018\/07\/aclhimar1_front_VLB.jpg","contentUrl":"https:\/\/buch-ist-mehr.de\/shop\/wp-content\/uploads\/2018\/07\/aclhimar1_front_VLB.jpg","width":1619,"height":2481,"caption":"Start ins Leben"},{"@type":"BreadcrumbList","@id":"https:\/\/buch-ist-mehr.de\/shop\/leseprobe-die-alchimar-start-ins-leben\/#breadcrumb","itemListElement":[{"@type":"ListItem","position":1,"name":"Startseite","item":"https:\/\/buch-ist-mehr.de\/shop\/"},{"@type":"ListItem","position":2,"name":"Leseprobe: Die Alchimar &#8211; Start ins Leben"}]},{"@type":"WebSite","@id":"https:\/\/buch-ist-mehr.de\/shop\/#website","url":"https:\/\/buch-ist-mehr.de\/shop\/","name":"Verlag 3.0","description":"","publisher":{"@id":"https:\/\/buch-ist-mehr.de\/shop\/#organization"},"potentialAction":[{"@type":"SearchAction","target":{"@type":"EntryPoint","urlTemplate":"https:\/\/buch-ist-mehr.de\/shop\/?s={search_term_string}"},"query-input":{"@type":"PropertyValueSpecification","valueRequired":true,"valueName":"search_term_string"}}],"inLanguage":"de"},{"@type":"Organization","@id":"https:\/\/buch-ist-mehr.de\/shop\/#organization","name":"Verlag 3.0","url":"https:\/\/buch-ist-mehr.de\/shop\/","logo":{"@type":"ImageObject","inLanguage":"de","@id":"https:\/\/buch-ist-mehr.de\/shop\/#\/schema\/logo\/image\/","url":"https:\/\/buch-ist-mehr.de\/shop\/wp-content\/uploads\/2017\/10\/logo_mit_schriftzug.png","contentUrl":"https:\/\/buch-ist-mehr.de\/shop\/wp-content\/uploads\/2017\/10\/logo_mit_schriftzug.png","width":1538,"height":865,"caption":"Verlag 3.0"},"image":{"@id":"https:\/\/buch-ist-mehr.de\/shop\/#\/schema\/logo\/image\/"}},{"@type":"Person","@id":"https:\/\/buch-ist-mehr.de\/shop\/#\/schema\/person\/5f7efdeabc2074db8a3527ac5b4838fc","name":"Verlag 3.0","image":{"@type":"ImageObject","inLanguage":"de","@id":"https:\/\/buch-ist-mehr.de\/shop\/#\/schema\/person\/image\/","url":"https:\/\/secure.gravatar.com\/avatar\/31472bef343372bddb06c60fe8c0aaa07c1bcafd167eb8e1246240b42a39b41c?s=96&d=blank&r=g","contentUrl":"https:\/\/secure.gravatar.com\/avatar\/31472bef343372bddb06c60fe8c0aaa07c1bcafd167eb8e1246240b42a39b41c?s=96&d=blank&r=g","caption":"Verlag 3.0"},"url":"https:\/\/buch-ist-mehr.de\/shop\/author\/verlag-3-0\/"}]}},"_links":{"self":[{"href":"https:\/\/buch-ist-mehr.de\/shop\/wp-json\/wp\/v2\/posts\/5311","targetHints":{"allow":["GET"]}}],"collection":[{"href":"https:\/\/buch-ist-mehr.de\/shop\/wp-json\/wp\/v2\/posts"}],"about":[{"href":"https:\/\/buch-ist-mehr.de\/shop\/wp-json\/wp\/v2\/types\/post"}],"author":[{"embeddable":true,"href":"https:\/\/buch-ist-mehr.de\/shop\/wp-json\/wp\/v2\/users\/28"}],"replies":[{"embeddable":true,"href":"https:\/\/buch-ist-mehr.de\/shop\/wp-json\/wp\/v2\/comments?post=5311"}],"version-history":[{"count":2,"href":"https:\/\/buch-ist-mehr.de\/shop\/wp-json\/wp\/v2\/posts\/5311\/revisions"}],"predecessor-version":[{"id":5313,"href":"https:\/\/buch-ist-mehr.de\/shop\/wp-json\/wp\/v2\/posts\/5311\/revisions\/5313"}],"wp:featuredmedia":[{"embeddable":true,"href":"https:\/\/buch-ist-mehr.de\/shop\/wp-json\/wp\/v2\/media\/1862"}],"wp:attachment":[{"href":"https:\/\/buch-ist-mehr.de\/shop\/wp-json\/wp\/v2\/media?parent=5311"}],"wp:term":[{"taxonomy":"category","embeddable":true,"href":"https:\/\/buch-ist-mehr.de\/shop\/wp-json\/wp\/v2\/categories?post=5311"},{"taxonomy":"post_tag","embeddable":true,"href":"https:\/\/buch-ist-mehr.de\/shop\/wp-json\/wp\/v2\/tags?post=5311"}],"curies":[{"name":"wp","href":"https:\/\/api.w.org\/{rel}","templated":true}]}}