{"id":5042,"date":"2021-10-03T11:54:19","date_gmt":"2021-10-03T09:54:19","guid":{"rendered":"https:\/\/buch-ist-mehr.de\/shop\/?p=5042"},"modified":"2021-10-03T11:55:11","modified_gmt":"2021-10-03T09:55:11","slug":"bastian-weinert","status":"publish","type":"post","link":"https:\/\/buch-ist-mehr.de\/shop\/bastian-weinert\/","title":{"rendered":"Bastian Weinert"},"content":{"rendered":"\t\t<div data-elementor-type=\"wp-post\" data-elementor-id=\"5042\" class=\"elementor elementor-5042\" data-elementor-post-type=\"post\">\n\t\t\t\t\t\t<section class=\"elementor-section elementor-top-section elementor-element elementor-element-1abbda57 elementor-section-full_width elementor-section-height-default elementor-section-height-default\" data-id=\"1abbda57\" data-element_type=\"section\">\n\t\t\t\t\t\t<div class=\"elementor-container elementor-column-gap-default\">\n\t\t\t\t\t<div class=\"elementor-column elementor-col-50 elementor-top-column elementor-element elementor-element-24729826\" data-id=\"24729826\" data-element_type=\"column\">\n\t\t\t<div class=\"elementor-widget-wrap elementor-element-populated\">\n\t\t\t\t\t\t<div class=\"elementor-element elementor-element-63cb1466 elementor-widget elementor-widget-text-editor\" data-id=\"63cb1466\" data-element_type=\"widget\" data-widget_type=\"text-editor.default\">\n\t\t\t\t<div class=\"elementor-widget-container\">\n\t\t\t\t\t\t\t\t\t<p>R u h e l o s \u2013 so f\u00fchle ich mich, wenn ich mal ein wirklich gutes Buch lese. Ein Buch, das mich gefangen nimmt mit seiner Spannung, das Gef\u00fchle in mir hervorruft, die mich ganz und gar in die faszinierende Welt versinken lassen, die seine Worte mir beschreiben. Selten und deshalb so wertvoll sind solche Leseerfahrungen f\u00fcr mich seit jeher. Sie zu mehren, daraus ist meine Motivation entstanden, selbst zu schreiben.<\/p><p>Sind die Worte so gut gew\u00e4hlt, dass sie bis ins Blut gehen, kann die Fantasie aus ihnen etwas gestalten. B\u00fccher sollten uns mitrei\u00dfen, uns verzaubern und uns zum Tr\u00e4umen anregen, daran glaube ich. Deshalb sind meine Erwartungen an einen guten Lesestoff:<\/p><p>\u00a0<\/p><p>Faszinier mich, inspirier mich.<\/p>\t\t\t\t\t\t\t\t<\/div>\n\t\t\t\t<\/div>\n\t\t\t\t\t<\/div>\n\t\t<\/div>\n\t\t\t\t<div class=\"elementor-column elementor-col-50 elementor-top-column elementor-element elementor-element-4d0d3d95\" data-id=\"4d0d3d95\" data-element_type=\"column\">\n\t\t\t<div class=\"elementor-widget-wrap elementor-element-populated\">\n\t\t\t\t\t\t<div class=\"elementor-element elementor-element-7e3d627b elementor-widget elementor-widget-heading\" data-id=\"7e3d627b\" data-element_type=\"widget\" data-widget_type=\"heading.default\">\n\t\t\t\t<div class=\"elementor-widget-container\">\n\t\t\t\t\t<h2 class=\"elementor-heading-title elementor-size-default\">Projekt Melancholia<\/h2>\t\t\t\t<\/div>\n\t\t\t\t<\/div>\n\t\t\t\t<div class=\"elementor-element elementor-element-1337ac2e elementor-widget elementor-widget-gallery\" data-id=\"1337ac2e\" data-element_type=\"widget\" data-settings=\"{&quot;gallery_layout&quot;:&quot;masonry&quot;,&quot;columns&quot;:1,&quot;columns_tablet&quot;:1,&quot;link_to&quot;:&quot;custom&quot;,&quot;url&quot;:{&quot;url&quot;:&quot;https:\\\/\\\/www.amazon.de\\\/s?i=stripbooks&amp;rh=p_27%3ASusanna+Farkas+M.&amp;s=relevancerank&amp;text=Susanna+Farkas+M.&amp;ref=dp_byline_sr_book_1&quot;,&quot;is_external&quot;:&quot;on&quot;,&quot;nofollow&quot;:&quot;&quot;,&quot;custom_attributes&quot;:&quot;&quot;},&quot;lazyload&quot;:&quot;yes&quot;,&quot;columns_mobile&quot;:1,&quot;gap&quot;:{&quot;unit&quot;:&quot;px&quot;,&quot;size&quot;:10,&quot;sizes&quot;:[]},&quot;gap_tablet&quot;:{&quot;unit&quot;:&quot;px&quot;,&quot;size&quot;:10,&quot;sizes&quot;:[]},&quot;gap_mobile&quot;:{&quot;unit&quot;:&quot;px&quot;,&quot;size&quot;:10,&quot;sizes&quot;:[]},&quot;overlay_background&quot;:&quot;yes&quot;,&quot;content_hover_animation&quot;:&quot;fade-in&quot;}\" data-widget_type=\"gallery.default\">\n\t\t\t\t<div class=\"elementor-widget-container\">\n\t\t\t\t\t\t\t<div class=\"elementor-gallery__container\">\n\t\t\t\t\t\t\t<a class=\"e-gallery-item elementor-gallery-item elementor-animated-content\" href=\"https:\/\/www.amazon.de\/s?i=stripbooks&#038;rh=p_27%3ASusanna+Farkas+M.&#038;s=relevancerank&#038;text=Susanna+Farkas+M.&#038;ref=dp_byline_sr_book_1\" target=\"_blank\">\n\t\t\t\t\t<div class=\"e-gallery-image elementor-gallery-item__image\" data-thumbnail=\"https:\/\/buch-ist-mehr.de\/shop\/wp-content\/uploads\/2018\/09\/Cover-Projekt-Melancholia-768x1177.jpg\" data-width=\"768\" data-height=\"1177\" aria-label=\"\" role=\"img\" ><\/div>\n\t\t\t\t\t\t\t\t\t\t\t<div class=\"elementor-gallery-item__overlay\"><\/div>\n\t\t\t\t\t\t\t\t\t\t\t\t\t\t<\/a>\n\t\t\t\t\t<\/div>\n\t\t\t\t\t<\/div>\n\t\t\t\t<\/div>\n\t\t\t\t\t<\/div>\n\t\t<\/div>\n\t\t\t\t\t<\/div>\n\t\t<\/section>\n\t\t\t\t<section class=\"elementor-section elementor-top-section elementor-element elementor-element-776fa907 elementor-section-boxed elementor-section-height-default elementor-section-height-default\" data-id=\"776fa907\" data-element_type=\"section\">\n\t\t\t\t\t\t<div class=\"elementor-container elementor-column-gap-default\">\n\t\t\t\t\t<div class=\"elementor-column elementor-col-100 elementor-top-column elementor-element elementor-element-6e336f5f\" data-id=\"6e336f5f\" data-element_type=\"column\">\n\t\t\t<div class=\"elementor-widget-wrap elementor-element-populated\">\n\t\t\t\t\t\t<div class=\"elementor-element elementor-element-7e95e2ee elementor-align-center elementor-widget__width-auto elementor-widget elementor-widget-button\" data-id=\"7e95e2ee\" data-element_type=\"widget\" data-widget_type=\"button.default\">\n\t\t\t\t<div class=\"elementor-widget-container\">\n\t\t\t\t\t\t\t\t\t<div class=\"elementor-button-wrapper\">\n\t\t\t\t\t<a class=\"elementor-button elementor-button-link elementor-size-lg\" href=\"https:\/\/buch-ist-mehr.de\/shop\/produkt-schlagwort\/bastian-weinert\">\n\t\t\t\t\t\t<span class=\"elementor-button-content-wrapper\">\n\t\t\t\t\t\t\t\t\t<span class=\"elementor-button-text\">Zum Verlag-Shop<\/span>\n\t\t\t\t\t<\/span>\n\t\t\t\t\t<\/a>\n\t\t\t\t<\/div>\n\t\t\t\t\t\t\t\t<\/div>\n\t\t\t\t<\/div>\n\t\t\t\t<div class=\"elementor-element elementor-element-23273f72 elementor-align-center elementor-widget__width-auto elementor-widget elementor-widget-button\" data-id=\"23273f72\" data-element_type=\"widget\" data-widget_type=\"button.default\">\n\t\t\t\t<div class=\"elementor-widget-container\">\n\t\t\t\t\t\t\t\t\t<div class=\"elementor-button-wrapper\">\n\t\t\t\t\t<a class=\"elementor-button elementor-button-link elementor-size-lg\" href=\"https:\/\/www.lovelybooks.de\/autor\/Bastian-Weinert\/Projekt-Melancholia-1201694249-w\/leserunde\/1195949537\/1195950792\/\" target=\"_blank\">\n\t\t\t\t\t\t<span class=\"elementor-button-content-wrapper\">\n\t\t\t\t\t\t\t\t\t<span class=\"elementor-button-text\">Lovelybooks<\/span>\n\t\t\t\t\t<\/span>\n\t\t\t\t\t<\/a>\n\t\t\t\t<\/div>\n\t\t\t\t\t\t\t\t<\/div>\n\t\t\t\t<\/div>\n\t\t\t\t\t<\/div>\n\t\t<\/div>\n\t\t\t\t\t<\/div>\n\t\t<\/section>\n\t\t\t\t<\/div>\n\t\t","protected":false},"excerpt":{"rendered":"<p>R u h e l o s \u2013 so f\u00fchle ich mich, wenn ich mal ein wirklich gutes Buch lese. Ein Buch, das mich gefangen nimmt mit seiner Spannung, das Gef\u00fchle in mir hervorruft, die mich ganz und gar in die faszinierende Welt versinken lassen, die seine Worte mir beschreiben. Selten und deshalb so wertvoll [&hellip;]<\/p>\n","protected":false},"author":28,"featured_media":5043,"comment_status":"closed","ping_status":"closed","sticky":false,"template":"","format":"standard","meta":{"footnotes":""},"categories":[1645],"tags":[],"class_list":["post-5042","post","type-post","status-publish","format-standard","has-post-thumbnail","hentry","category-autor"],"yoast_head":"<!-- This site is optimized with the Yoast SEO plugin v26.2 - https:\/\/yoast.com\/wordpress\/plugins\/seo\/ -->\n<title>Bastian Weinert - Verlag 3.0<\/title>\n<meta name=\"description\" content=\"Bastian Weinert, Autor von &quot;Projekt Melancholia&quot;\" \/>\n<meta name=\"robots\" content=\"index, follow, max-snippet:-1, max-image-preview:large, max-video-preview:-1\" \/>\n<link rel=\"canonical\" href=\"https:\/\/buch-ist-mehr.de\/shop\/bastian-weinert\/\" \/>\n<meta property=\"og:locale\" content=\"de_DE\" \/>\n<meta property=\"og:type\" content=\"article\" \/>\n<meta property=\"og:title\" content=\"Bastian Weinert - Verlag 3.0\" \/>\n<meta property=\"og:description\" content=\"Bastian Weinert, Autor von &quot;Projekt Melancholia&quot;\" \/>\n<meta property=\"og:url\" content=\"https:\/\/buch-ist-mehr.de\/shop\/bastian-weinert\/\" \/>\n<meta property=\"og:site_name\" content=\"Verlag 3.0\" \/>\n<meta property=\"article:published_time\" content=\"2021-10-03T09:54:19+00:00\" \/>\n<meta property=\"article:modified_time\" content=\"2021-10-03T09:55:11+00:00\" \/>\n<meta property=\"og:image\" content=\"https:\/\/buch-ist-mehr.de\/shop\/wp-content\/uploads\/2021\/10\/Foto-fuer-Website-2.jpg\" \/>\n\t<meta property=\"og:image:width\" content=\"486\" \/>\n\t<meta property=\"og:image:height\" content=\"733\" \/>\n\t<meta property=\"og:image:type\" content=\"image\/jpeg\" \/>\n<meta name=\"author\" content=\"Verlag 3.0\" \/>\n<meta name=\"twitter:card\" content=\"summary_large_image\" \/>\n<meta name=\"twitter:label1\" content=\"Verfasst von\" \/>\n\t<meta name=\"twitter:data1\" content=\"Verlag 3.0\" \/>\n\t<meta name=\"twitter:label2\" content=\"Gesch\u00e4tzte Lesezeit\" \/>\n\t<meta name=\"twitter:data2\" content=\"1\u00a0Minute\" \/>\n<script type=\"application\/ld+json\" class=\"yoast-schema-graph\">{\"@context\":\"https:\/\/schema.org\",\"@graph\":[{\"@type\":\"Article\",\"@id\":\"https:\/\/buch-ist-mehr.de\/shop\/bastian-weinert\/#article\",\"isPartOf\":{\"@id\":\"https:\/\/buch-ist-mehr.de\/shop\/bastian-weinert\/\"},\"author\":{\"name\":\"Verlag 3.0\",\"@id\":\"https:\/\/buch-ist-mehr.de\/shop\/#\/schema\/person\/5f7efdeabc2074db8a3527ac5b4838fc\"},\"headline\":\"Bastian Weinert\",\"datePublished\":\"2021-10-03T09:54:19+00:00\",\"dateModified\":\"2021-10-03T09:55:11+00:00\",\"mainEntityOfPage\":{\"@id\":\"https:\/\/buch-ist-mehr.de\/shop\/bastian-weinert\/\"},\"wordCount\":131,\"publisher\":{\"@id\":\"https:\/\/buch-ist-mehr.de\/shop\/#organization\"},\"image\":{\"@id\":\"https:\/\/buch-ist-mehr.de\/shop\/bastian-weinert\/#primaryimage\"},\"thumbnailUrl\":\"https:\/\/buch-ist-mehr.de\/shop\/wp-content\/uploads\/2021\/10\/Foto-fuer-Website-2.jpg\",\"articleSection\":[\"Autor\"],\"inLanguage\":\"de\"},{\"@type\":\"WebPage\",\"@id\":\"https:\/\/buch-ist-mehr.de\/shop\/bastian-weinert\/\",\"url\":\"https:\/\/buch-ist-mehr.de\/shop\/bastian-weinert\/\",\"name\":\"Bastian Weinert - Verlag 3.0\",\"isPartOf\":{\"@id\":\"https:\/\/buch-ist-mehr.de\/shop\/#website\"},\"primaryImageOfPage\":{\"@id\":\"https:\/\/buch-ist-mehr.de\/shop\/bastian-weinert\/#primaryimage\"},\"image\":{\"@id\":\"https:\/\/buch-ist-mehr.de\/shop\/bastian-weinert\/#primaryimage\"},\"thumbnailUrl\":\"https:\/\/buch-ist-mehr.de\/shop\/wp-content\/uploads\/2021\/10\/Foto-fuer-Website-2.jpg\",\"datePublished\":\"2021-10-03T09:54:19+00:00\",\"dateModified\":\"2021-10-03T09:55:11+00:00\",\"description\":\"Bastian Weinert, Autor von \\\"Projekt Melancholia\\\"\",\"breadcrumb\":{\"@id\":\"https:\/\/buch-ist-mehr.de\/shop\/bastian-weinert\/#breadcrumb\"},\"inLanguage\":\"de\",\"potentialAction\":[{\"@type\":\"ReadAction\",\"target\":[\"https:\/\/buch-ist-mehr.de\/shop\/bastian-weinert\/\"]}]},{\"@type\":\"ImageObject\",\"inLanguage\":\"de\",\"@id\":\"https:\/\/buch-ist-mehr.de\/shop\/bastian-weinert\/#primaryimage\",\"url\":\"https:\/\/buch-ist-mehr.de\/shop\/wp-content\/uploads\/2021\/10\/Foto-fuer-Website-2.jpg\",\"contentUrl\":\"https:\/\/buch-ist-mehr.de\/shop\/wp-content\/uploads\/2021\/10\/Foto-fuer-Website-2.jpg\",\"width\":486,\"height\":733,\"caption\":\"Bastian Weinert\"},{\"@type\":\"BreadcrumbList\",\"@id\":\"https:\/\/buch-ist-mehr.de\/shop\/bastian-weinert\/#breadcrumb\",\"itemListElement\":[{\"@type\":\"ListItem\",\"position\":1,\"name\":\"Startseite\",\"item\":\"https:\/\/buch-ist-mehr.de\/shop\/\"},{\"@type\":\"ListItem\",\"position\":2,\"name\":\"Bastian Weinert\"}]},{\"@type\":\"WebSite\",\"@id\":\"https:\/\/buch-ist-mehr.de\/shop\/#website\",\"url\":\"https:\/\/buch-ist-mehr.de\/shop\/\",\"name\":\"Verlag 3.0\",\"description\":\"\",\"publisher\":{\"@id\":\"https:\/\/buch-ist-mehr.de\/shop\/#organization\"},\"potentialAction\":[{\"@type\":\"SearchAction\",\"target\":{\"@type\":\"EntryPoint\",\"urlTemplate\":\"https:\/\/buch-ist-mehr.de\/shop\/?s={search_term_string}\"},\"query-input\":{\"@type\":\"PropertyValueSpecification\",\"valueRequired\":true,\"valueName\":\"search_term_string\"}}],\"inLanguage\":\"de\"},{\"@type\":\"Organization\",\"@id\":\"https:\/\/buch-ist-mehr.de\/shop\/#organization\",\"name\":\"Verlag 3.0\",\"url\":\"https:\/\/buch-ist-mehr.de\/shop\/\",\"logo\":{\"@type\":\"ImageObject\",\"inLanguage\":\"de\",\"@id\":\"https:\/\/buch-ist-mehr.de\/shop\/#\/schema\/logo\/image\/\",\"url\":\"https:\/\/buch-ist-mehr.de\/shop\/wp-content\/uploads\/2017\/10\/logo_mit_schriftzug.png\",\"contentUrl\":\"https:\/\/buch-ist-mehr.de\/shop\/wp-content\/uploads\/2017\/10\/logo_mit_schriftzug.png\",\"width\":1538,\"height\":865,\"caption\":\"Verlag 3.0\"},\"image\":{\"@id\":\"https:\/\/buch-ist-mehr.de\/shop\/#\/schema\/logo\/image\/\"}},{\"@type\":\"Person\",\"@id\":\"https:\/\/buch-ist-mehr.de\/shop\/#\/schema\/person\/5f7efdeabc2074db8a3527ac5b4838fc\",\"name\":\"Verlag 3.0\",\"image\":{\"@type\":\"ImageObject\",\"inLanguage\":\"de\",\"@id\":\"https:\/\/buch-ist-mehr.de\/shop\/#\/schema\/person\/image\/\",\"url\":\"https:\/\/secure.gravatar.com\/avatar\/31472bef343372bddb06c60fe8c0aaa07c1bcafd167eb8e1246240b42a39b41c?s=96&d=blank&r=g\",\"contentUrl\":\"https:\/\/secure.gravatar.com\/avatar\/31472bef343372bddb06c60fe8c0aaa07c1bcafd167eb8e1246240b42a39b41c?s=96&d=blank&r=g\",\"caption\":\"Verlag 3.0\"},\"url\":\"https:\/\/buch-ist-mehr.de\/shop\/author\/verlag-3-0\/\"}]}<\/script>\n<!-- \/ Yoast SEO plugin. -->","yoast_head_json":{"title":"Bastian Weinert - Verlag 3.0","description":"Bastian Weinert, Autor von \"Projekt Melancholia\"","robots":{"index":"index","follow":"follow","max-snippet":"max-snippet:-1","max-image-preview":"max-image-preview:large","max-video-preview":"max-video-preview:-1"},"canonical":"https:\/\/buch-ist-mehr.de\/shop\/bastian-weinert\/","og_locale":"de_DE","og_type":"article","og_title":"Bastian Weinert - Verlag 3.0","og_description":"Bastian Weinert, Autor von \"Projekt Melancholia\"","og_url":"https:\/\/buch-ist-mehr.de\/shop\/bastian-weinert\/","og_site_name":"Verlag 3.0","article_published_time":"2021-10-03T09:54:19+00:00","article_modified_time":"2021-10-03T09:55:11+00:00","og_image":[{"width":486,"height":733,"url":"https:\/\/buch-ist-mehr.de\/shop\/wp-content\/uploads\/2021\/10\/Foto-fuer-Website-2.jpg","type":"image\/jpeg"}],"author":"Verlag 3.0","twitter_card":"summary_large_image","twitter_misc":{"Verfasst von":"Verlag 3.0","Gesch\u00e4tzte Lesezeit":"1\u00a0Minute"},"schema":{"@context":"https:\/\/schema.org","@graph":[{"@type":"Article","@id":"https:\/\/buch-ist-mehr.de\/shop\/bastian-weinert\/#article","isPartOf":{"@id":"https:\/\/buch-ist-mehr.de\/shop\/bastian-weinert\/"},"author":{"name":"Verlag 3.0","@id":"https:\/\/buch-ist-mehr.de\/shop\/#\/schema\/person\/5f7efdeabc2074db8a3527ac5b4838fc"},"headline":"Bastian Weinert","datePublished":"2021-10-03T09:54:19+00:00","dateModified":"2021-10-03T09:55:11+00:00","mainEntityOfPage":{"@id":"https:\/\/buch-ist-mehr.de\/shop\/bastian-weinert\/"},"wordCount":131,"publisher":{"@id":"https:\/\/buch-ist-mehr.de\/shop\/#organization"},"image":{"@id":"https:\/\/buch-ist-mehr.de\/shop\/bastian-weinert\/#primaryimage"},"thumbnailUrl":"https:\/\/buch-ist-mehr.de\/shop\/wp-content\/uploads\/2021\/10\/Foto-fuer-Website-2.jpg","articleSection":["Autor"],"inLanguage":"de"},{"@type":"WebPage","@id":"https:\/\/buch-ist-mehr.de\/shop\/bastian-weinert\/","url":"https:\/\/buch-ist-mehr.de\/shop\/bastian-weinert\/","name":"Bastian Weinert - Verlag 3.0","isPartOf":{"@id":"https:\/\/buch-ist-mehr.de\/shop\/#website"},"primaryImageOfPage":{"@id":"https:\/\/buch-ist-mehr.de\/shop\/bastian-weinert\/#primaryimage"},"image":{"@id":"https:\/\/buch-ist-mehr.de\/shop\/bastian-weinert\/#primaryimage"},"thumbnailUrl":"https:\/\/buch-ist-mehr.de\/shop\/wp-content\/uploads\/2021\/10\/Foto-fuer-Website-2.jpg","datePublished":"2021-10-03T09:54:19+00:00","dateModified":"2021-10-03T09:55:11+00:00","description":"Bastian Weinert, Autor von \"Projekt Melancholia\"","breadcrumb":{"@id":"https:\/\/buch-ist-mehr.de\/shop\/bastian-weinert\/#breadcrumb"},"inLanguage":"de","potentialAction":[{"@type":"ReadAction","target":["https:\/\/buch-ist-mehr.de\/shop\/bastian-weinert\/"]}]},{"@type":"ImageObject","inLanguage":"de","@id":"https:\/\/buch-ist-mehr.de\/shop\/bastian-weinert\/#primaryimage","url":"https:\/\/buch-ist-mehr.de\/shop\/wp-content\/uploads\/2021\/10\/Foto-fuer-Website-2.jpg","contentUrl":"https:\/\/buch-ist-mehr.de\/shop\/wp-content\/uploads\/2021\/10\/Foto-fuer-Website-2.jpg","width":486,"height":733,"caption":"Bastian Weinert"},{"@type":"BreadcrumbList","@id":"https:\/\/buch-ist-mehr.de\/shop\/bastian-weinert\/#breadcrumb","itemListElement":[{"@type":"ListItem","position":1,"name":"Startseite","item":"https:\/\/buch-ist-mehr.de\/shop\/"},{"@type":"ListItem","position":2,"name":"Bastian Weinert"}]},{"@type":"WebSite","@id":"https:\/\/buch-ist-mehr.de\/shop\/#website","url":"https:\/\/buch-ist-mehr.de\/shop\/","name":"Verlag 3.0","description":"","publisher":{"@id":"https:\/\/buch-ist-mehr.de\/shop\/#organization"},"potentialAction":[{"@type":"SearchAction","target":{"@type":"EntryPoint","urlTemplate":"https:\/\/buch-ist-mehr.de\/shop\/?s={search_term_string}"},"query-input":{"@type":"PropertyValueSpecification","valueRequired":true,"valueName":"search_term_string"}}],"inLanguage":"de"},{"@type":"Organization","@id":"https:\/\/buch-ist-mehr.de\/shop\/#organization","name":"Verlag 3.0","url":"https:\/\/buch-ist-mehr.de\/shop\/","logo":{"@type":"ImageObject","inLanguage":"de","@id":"https:\/\/buch-ist-mehr.de\/shop\/#\/schema\/logo\/image\/","url":"https:\/\/buch-ist-mehr.de\/shop\/wp-content\/uploads\/2017\/10\/logo_mit_schriftzug.png","contentUrl":"https:\/\/buch-ist-mehr.de\/shop\/wp-content\/uploads\/2017\/10\/logo_mit_schriftzug.png","width":1538,"height":865,"caption":"Verlag 3.0"},"image":{"@id":"https:\/\/buch-ist-mehr.de\/shop\/#\/schema\/logo\/image\/"}},{"@type":"Person","@id":"https:\/\/buch-ist-mehr.de\/shop\/#\/schema\/person\/5f7efdeabc2074db8a3527ac5b4838fc","name":"Verlag 3.0","image":{"@type":"ImageObject","inLanguage":"de","@id":"https:\/\/buch-ist-mehr.de\/shop\/#\/schema\/person\/image\/","url":"https:\/\/secure.gravatar.com\/avatar\/31472bef343372bddb06c60fe8c0aaa07c1bcafd167eb8e1246240b42a39b41c?s=96&d=blank&r=g","contentUrl":"https:\/\/secure.gravatar.com\/avatar\/31472bef343372bddb06c60fe8c0aaa07c1bcafd167eb8e1246240b42a39b41c?s=96&d=blank&r=g","caption":"Verlag 3.0"},"url":"https:\/\/buch-ist-mehr.de\/shop\/author\/verlag-3-0\/"}]}},"_links":{"self":[{"href":"https:\/\/buch-ist-mehr.de\/shop\/wp-json\/wp\/v2\/posts\/5042","targetHints":{"allow":["GET"]}}],"collection":[{"href":"https:\/\/buch-ist-mehr.de\/shop\/wp-json\/wp\/v2\/posts"}],"about":[{"href":"https:\/\/buch-ist-mehr.de\/shop\/wp-json\/wp\/v2\/types\/post"}],"author":[{"embeddable":true,"href":"https:\/\/buch-ist-mehr.de\/shop\/wp-json\/wp\/v2\/users\/28"}],"replies":[{"embeddable":true,"href":"https:\/\/buch-ist-mehr.de\/shop\/wp-json\/wp\/v2\/comments?post=5042"}],"version-history":[{"count":7,"href":"https:\/\/buch-ist-mehr.de\/shop\/wp-json\/wp\/v2\/posts\/5042\/revisions"}],"predecessor-version":[{"id":5050,"href":"https:\/\/buch-ist-mehr.de\/shop\/wp-json\/wp\/v2\/posts\/5042\/revisions\/5050"}],"wp:featuredmedia":[{"embeddable":true,"href":"https:\/\/buch-ist-mehr.de\/shop\/wp-json\/wp\/v2\/media\/5043"}],"wp:attachment":[{"href":"https:\/\/buch-ist-mehr.de\/shop\/wp-json\/wp\/v2\/media?parent=5042"}],"wp:term":[{"taxonomy":"category","embeddable":true,"href":"https:\/\/buch-ist-mehr.de\/shop\/wp-json\/wp\/v2\/categories?post=5042"},{"taxonomy":"post_tag","embeddable":true,"href":"https:\/\/buch-ist-mehr.de\/shop\/wp-json\/wp\/v2\/tags?post=5042"}],"curies":[{"name":"wp","href":"https:\/\/api.w.org\/{rel}","templated":true}]}}