{"id":4886,"date":"2021-09-25T11:01:49","date_gmt":"2021-09-25T09:01:49","guid":{"rendered":"https:\/\/buch-ist-mehr.de\/shop\/?p=4886"},"modified":"2021-09-25T17:36:08","modified_gmt":"2021-09-25T15:36:08","slug":"johannes-sieben","status":"publish","type":"post","link":"https:\/\/buch-ist-mehr.de\/shop\/johannes-sieben\/","title":{"rendered":"Johannes Sieben"},"content":{"rendered":"\t\t<div data-elementor-type=\"wp-post\" data-elementor-id=\"4886\" class=\"elementor elementor-4886\" data-elementor-post-type=\"post\">\n\t\t\t\t\t\t<section class=\"elementor-section elementor-top-section elementor-element elementor-element-34747b02 elementor-section-full_width elementor-section-height-default elementor-section-height-default\" data-id=\"34747b02\" data-element_type=\"section\">\n\t\t\t\t\t\t<div class=\"elementor-container elementor-column-gap-default\">\n\t\t\t\t\t<div class=\"elementor-column elementor-col-50 elementor-top-column elementor-element elementor-element-75b5e43d\" data-id=\"75b5e43d\" data-element_type=\"column\">\n\t\t\t<div class=\"elementor-widget-wrap elementor-element-populated\">\n\t\t\t\t\t\t<div class=\"elementor-element elementor-element-32fec078 elementor-widget elementor-widget-text-editor\" data-id=\"32fec078\" data-element_type=\"widget\" data-widget_type=\"text-editor.default\">\n\t\t\t\t<div class=\"elementor-widget-container\">\n\t\t\t\t\t\t\t\t\t<p>Ich bin Baujahr 1953, also schon ein \u00e4lteres, aber noch recht funktionsf\u00e4higes Modell. Nach meinem Medizinstudium und der Promotion, sowie einer fast sechsj\u00e4hrigen Facharztausbildung habe ich 1987 eine Landpraxis in einem kleinen Dreihundertseelendorf im Rheinland er\u00f6ffnet, die mich heute noch erf\u00fcllt. Wenn ich an so manches jetzt schon denke, an Ruhestand gewiss nicht. Ein Leben ohne meine Praxis kann und will ich mir, zumindest zum jetzigen Zeitpunkt, \u00fcberhaupt nicht vorstellen. Die Begriffe Langeweile oder Unt\u00e4tigkeit sind f\u00fcr mich Fremdworte. In gewisser Weise bin ich rastlos. Seit 1984 bin ich verheiratet, immer noch mit derselben Frau. Wenn auch so manches Gewitter durch unsere Ehe gezogen ist, so darf ich doch behaupten, dass wir bis heute sehr gl\u00fccklich verheiratet sind. Wir haben zwei wundervolle Kinder, eine Tochter und einen Sohn, die uns nie entt\u00e4uscht, sondern immer nur, oder wenigstens fast immer nur, Freude bereitet haben. Sie waren auch immer der Garant f\u00fcr unsere Ehe.<\/p><p>Daneben haben wir noch Hunde, Pferde, K\u00fche, Schafe und Ziegen. Alles eben, was man so auf dem Land unbedingt braucht, damit keine Langeweile auftritt. Mit meiner Frau verbinden mich auch fast alle Hobbys. Zum Beispiel die Jagd. Sie f\u00fchrt aber zum Gl\u00fcck keine Waffe, das w\u00e4re mir dann doch zu gef\u00e4hrlich f\u00fcr mich. Oder Reisen mit dem Wohnmobil. Einmal durch Europa und zur\u00fcck waren wir in all den Jahren, fr\u00fcher mit Kindern, heute ohne, nur mit den Hunden. All die anderen Tiere fahren nat\u00fcrlich nicht mit in Urlaub, aber das ganze Jahr \u00fcber wollen sie auch fressen, und Weiden und St\u00e4lle machen eine Menge Arbeit, sch\u00f6ne Arbeit. Das hat so etwas Urspr\u00fcngliches und Autarkes. Unsere Hauptbesch\u00e4ftigung, neben der Praxis, in der meine Frau auch t\u00e4tig ist, ist die st\u00e4ndige und immerw\u00e4hrende Renovierung, Erhaltung und Pflege unseres Hauses, das ein viel zu gro\u00df geratener alter Bauernhof ist, in dem sich auch die Praxis befindet. Da ich ein leidenschaftlicher Handwerker bin und meine Frau ein ausgezeichneter und geschickter Handlanger, machen wir fast alles alleine. Darum werden wir wohl auch niemals fertig.<\/p><p>Alle Autoren behaupten ja, immer sehr viel gelesen zu haben. Ich auch. Ich lese immer noch sehr viel, mehr als fr\u00fcher. Neben dem Inhalt begeistern mich vor allem gute Formulierungen, gelungene Metaphern und feinsinnige Charaktere.<\/p><p>\u00a0Auch dass man schon als Kind gerne Aufs\u00e4tze geschrieben hat, geh\u00f6rt zum obligatorischen Lebenslauf eines Autors. Klar, wer nicht gerne schreibt, schreibt schon gar kein Buch. Ich habe nat\u00fcrlich auch gerne Aufs\u00e4tze geschrieben. Sein erstes Buch zu schreiben, ist aber nicht einfach so eine Idee, wie etwa mal in Urlaub zu fahren. Ich denke, man braucht dazu eine Inspiration, die langsam reifen muss, wie guter Wein, oder noch l\u00e4nger.<\/p><p>Meine Inspiration f\u00fcr mein erstes Buch war meine Praxis. In fast drei\u00dfig Jahren erlebt man so allerlei. Sch\u00f6nes und weniger Sch\u00f6nes. Man macht gute und schlechte Erfahrungen mit Patienten, mit Kollegen und Krankenh\u00e4usern, mit Pflegeheimen und deren Personal, mit Verwaltungen und Standesorganisationen. Und, und, und. All diese Erfahrungen wollte ich irgendwann zu Papier bringen. Auch hatte ich immer den Wunsch, Ausschnitte aus meinem Leben niederzuschreiben, einfach nur so, aber auch f\u00fcr meine Nachkommen. Eine Art Hommage an das Leben wollte ich schreiben, eine W\u00fcrdigung des Todes, einen Dank an meine Familie, ohne die mein Leben sinnlos gewesen w\u00e4re. Ein Verm\u00e4chtnis wollte ich hinterlassen, jetzt, wo doch der letzte Lebensabschnitt l\u00e4ngst begonnen hat und das Ende t\u00e4glich kommen kann.<\/p><p>Aus all diesen Gedanken formte sich dann langsam, ganz langsam aber best\u00e4ndig, die Idee, das alles in eine Romanform zu bringen. An eine Ver\u00f6ffentlichung hatte ich zun\u00e4chst \u00fcberhaupt nicht gedacht. Erst als das Buch unter meiner Hand Gestalt annahm, fiel mir auf, dass all diese Dinge vielleicht auch andere Menschen interessieren k\u00f6nnten. Ich dachte, ja, das k\u00f6nnte den ein oder anderen wachr\u00fctteln, zum Nachdenken bringen, sensibilisieren. Die Welt ver\u00e4ndern zu wollen, w\u00e4re vermessen und gr\u00f6\u00dfenwahnsinnig. Ein klein wenig dazu beizutragen, die Dinge anders, skeptischer zu sehen, das ist eher schon realistisch.<\/p><p>\u00dcbrigens schreibe ich, bei sch\u00f6ner Musik bequem in einem Sessel in meiner kleinen Bibliothek sitzend, mein Hund zu meinen F\u00fc\u00dfen in seinem Korb, Pfeife rauchend, eine Flasche Bier dazu, abends alles mit einem kleinen Schreibprogramm auf meinem iPhone! Mit einem Finger! So kann ich fortlaufend schreiben und beim Tippen, das ja etwas l\u00e4nger dauert, den n\u00e4chsten Gedanken fassen. Es mag etwas umst\u00e4ndlich erscheinen, ich finde es sehr entspannt.<\/p><p>Beim zweiten Buch wurde mir dann eigentlich erst richtig bewusst, welch fantastische M\u00f6glichkeit es ist, einen Roman zu schreiben. Es hat etwas mit der Sch\u00f6pfung gemein. Man hat zun\u00e4chst eine Idee ohne feste Form, dann entsteht pl\u00f6tzlich auf einem zun\u00e4chst leeren Blatt eine Geschichte, deren Inhalt man vorher selbst nicht genau kennt. Man erschafft Personen, gibt ihnen einen guten oder schlechten Charakter, l\u00e4sst sie leben oder sterben, Gutes tun oder Schlechtes. Man wei\u00df es vorher nicht, es entwickelt sich von Seite zu Seite selbst, immer weiter, wie im wirklichen Leben. Auch die Welt um diese Personen herum erschafft man sich in der Phantasie. Landschaften, Geb\u00e4ude, einfach alles. Sogar ob die Sonne scheint, oder ob es regnet bestimmt man selbst. Man f\u00fchlt sich ein wenig wie der Sch\u00f6pfer, ein Landschaftsgestalter, ein Architekt und der Wettergott, alles in einer Person. Es ist einfach faszinierend, ein Buch zu schreiben. Es belastet auch nicht. In Gegenteil, es entspannt und befriedigt. Besser noch, als eines zu lesen. Bei mir ist es fast zur Sucht geworden. Einzig die Renovierung unseres Hauses leidet etwas darunter. Was solls? Das schaff ich in diesem Leben sowieso nicht mehr!<\/p>\t\t\t\t\t\t\t\t<\/div>\n\t\t\t\t<\/div>\n\t\t\t\t\t<\/div>\n\t\t<\/div>\n\t\t\t\t<div class=\"elementor-column elementor-col-50 elementor-top-column elementor-element elementor-element-6f8c9fd6\" data-id=\"6f8c9fd6\" data-element_type=\"column\">\n\t\t\t<div class=\"elementor-widget-wrap elementor-element-populated\">\n\t\t\t\t\t\t<div class=\"elementor-element elementor-element-470e1c29 elementor-widget elementor-widget-heading\" data-id=\"470e1c29\" data-element_type=\"widget\" data-widget_type=\"heading.default\">\n\t\t\t\t<div class=\"elementor-widget-container\">\n\t\t\t\t\t<h2 class=\"elementor-heading-title elementor-size-default\">B\u00fccher von Johannes Sieben<\/h2>\t\t\t\t<\/div>\n\t\t\t\t<\/div>\n\t\t\t\t<div class=\"elementor-element elementor-element-448d7a01 elementor-widget elementor-widget-gallery\" data-id=\"448d7a01\" data-element_type=\"widget\" data-settings=\"{&quot;gallery_layout&quot;:&quot;masonry&quot;,&quot;columns&quot;:2,&quot;columns_tablet&quot;:1,&quot;link_to&quot;:&quot;custom&quot;,&quot;url&quot;:{&quot;url&quot;:&quot;https:\\\/\\\/www.amazon.de\\\/Johannes-Sieben\\\/e\\\/B00MPR2D2O?ref=sr_ntt_srch_lnk_1&amp;qid=1632560473&amp;sr=1-1&quot;,&quot;is_external&quot;:&quot;on&quot;,&quot;nofollow&quot;:&quot;&quot;,&quot;custom_attributes&quot;:&quot;&quot;},&quot;lazyload&quot;:&quot;yes&quot;,&quot;columns_mobile&quot;:1,&quot;gap&quot;:{&quot;unit&quot;:&quot;px&quot;,&quot;size&quot;:10,&quot;sizes&quot;:[]},&quot;gap_tablet&quot;:{&quot;unit&quot;:&quot;px&quot;,&quot;size&quot;:10,&quot;sizes&quot;:[]},&quot;gap_mobile&quot;:{&quot;unit&quot;:&quot;px&quot;,&quot;size&quot;:10,&quot;sizes&quot;:[]},&quot;overlay_background&quot;:&quot;yes&quot;,&quot;content_hover_animation&quot;:&quot;fade-in&quot;}\" data-widget_type=\"gallery.default\">\n\t\t\t\t<div class=\"elementor-widget-container\">\n\t\t\t\t\t\t\t<div class=\"elementor-gallery__container\">\n\t\t\t\t\t\t\t<a class=\"e-gallery-item elementor-gallery-item elementor-animated-content\" href=\"https:\/\/www.amazon.de\/Johannes-Sieben\/e\/B00MPR2D2O?ref=sr_ntt_srch_lnk_1&#038;qid=1632560473&#038;sr=1-1\" target=\"_blank\">\n\t\t\t\t\t<div class=\"e-gallery-image elementor-gallery-item__image\" data-thumbnail=\"https:\/\/buch-ist-mehr.de\/shop\/wp-content\/uploads\/2018\/09\/Himmelsstaub-768x1209.jpg\" data-width=\"768\" data-height=\"1209\" aria-label=\"\" role=\"img\" ><\/div>\n\t\t\t\t\t\t\t\t\t\t\t<div class=\"elementor-gallery-item__overlay\"><\/div>\n\t\t\t\t\t\t\t\t\t\t\t\t\t\t<\/a>\n\t\t\t\t\t\t\t<a class=\"e-gallery-item elementor-gallery-item elementor-animated-content\" href=\"https:\/\/www.amazon.de\/Johannes-Sieben\/e\/B00MPR2D2O?ref=sr_ntt_srch_lnk_1&#038;qid=1632560473&#038;sr=1-1\" target=\"_blank\">\n\t\t\t\t\t<div class=\"e-gallery-image elementor-gallery-item__image\" data-thumbnail=\"https:\/\/buch-ist-mehr.de\/shop\/wp-content\/uploads\/2017\/07\/Cover-Klosterrauschen-768x1177.jpg\" data-width=\"768\" data-height=\"1177\" aria-label=\"\" role=\"img\" ><\/div>\n\t\t\t\t\t\t\t\t\t\t\t<div class=\"elementor-gallery-item__overlay\"><\/div>\n\t\t\t\t\t\t\t\t\t\t\t\t\t\t<\/a>\n\t\t\t\t\t\t\t<a class=\"e-gallery-item elementor-gallery-item elementor-animated-content\" href=\"https:\/\/www.amazon.de\/Johannes-Sieben\/e\/B00MPR2D2O?ref=sr_ntt_srch_lnk_1&#038;qid=1632560473&#038;sr=1-1\" target=\"_blank\">\n\t\t\t\t\t<div class=\"e-gallery-image elementor-gallery-item__image\" data-thumbnail=\"https:\/\/buch-ist-mehr.de\/shop\/wp-content\/uploads\/2017\/07\/9783956673061-768x1177.jpg\" data-width=\"768\" data-height=\"1177\" aria-label=\"\" role=\"img\" ><\/div>\n\t\t\t\t\t\t\t\t\t\t\t<div class=\"elementor-gallery-item__overlay\"><\/div>\n\t\t\t\t\t\t\t\t\t\t\t\t\t\t<\/a>\n\t\t\t\t\t\t\t<a class=\"e-gallery-item elementor-gallery-item elementor-animated-content\" href=\"https:\/\/www.amazon.de\/Johannes-Sieben\/e\/B00MPR2D2O?ref=sr_ntt_srch_lnk_1&#038;qid=1632560473&#038;sr=1-1\" target=\"_blank\">\n\t\t\t\t\t<div class=\"e-gallery-image elementor-gallery-item__image\" data-thumbnail=\"https:\/\/buch-ist-mehr.de\/shop\/wp-content\/uploads\/2017\/08\/Elfchen_Cover-768x1189.jpg\" data-width=\"768\" data-height=\"1189\" aria-label=\"\" role=\"img\" ><\/div>\n\t\t\t\t\t\t\t\t\t\t\t<div class=\"elementor-gallery-item__overlay\"><\/div>\n\t\t\t\t\t\t\t\t\t\t\t\t\t\t<\/a>\n\t\t\t\t\t\t\t<a class=\"e-gallery-item elementor-gallery-item elementor-animated-content\" href=\"https:\/\/www.amazon.de\/Johannes-Sieben\/e\/B00MPR2D2O?ref=sr_ntt_srch_lnk_1&#038;qid=1632560473&#038;sr=1-1\" target=\"_blank\">\n\t\t\t\t\t<div class=\"e-gallery-image elementor-gallery-item__image\" data-thumbnail=\"https:\/\/buch-ist-mehr.de\/shop\/wp-content\/uploads\/2017\/08\/Ein-geschenkter-Tag-Cover-VLB-768x1177.jpg\" data-width=\"768\" data-height=\"1177\" aria-label=\"\" role=\"img\" ><\/div>\n\t\t\t\t\t\t\t\t\t\t\t<div class=\"elementor-gallery-item__overlay\"><\/div>\n\t\t\t\t\t\t\t\t\t\t\t\t\t\t<\/a>\n\t\t\t\t\t<\/div>\n\t\t\t\t\t<\/div>\n\t\t\t\t<\/div>\n\t\t\t\t\t<\/div>\n\t\t<\/div>\n\t\t\t\t\t<\/div>\n\t\t<\/section>\n\t\t\t\t<section class=\"elementor-section elementor-top-section elementor-element elementor-element-a97bf39 elementor-section-boxed elementor-section-height-default elementor-section-height-default\" data-id=\"a97bf39\" data-element_type=\"section\">\n\t\t\t\t\t\t<div class=\"elementor-container elementor-column-gap-default\">\n\t\t\t\t\t<div class=\"elementor-column elementor-col-100 elementor-top-column elementor-element elementor-element-6ab7ddf9\" data-id=\"6ab7ddf9\" data-element_type=\"column\">\n\t\t\t<div class=\"elementor-widget-wrap elementor-element-populated\">\n\t\t\t\t\t\t<div class=\"elementor-element elementor-element-5113b12d elementor-align-center elementor-widget__width-auto elementor-widget elementor-widget-button\" data-id=\"5113b12d\" data-element_type=\"widget\" data-widget_type=\"button.default\">\n\t\t\t\t<div class=\"elementor-widget-container\">\n\t\t\t\t\t\t\t\t\t<div class=\"elementor-button-wrapper\">\n\t\t\t\t\t<a class=\"elementor-button elementor-button-link elementor-size-lg\" href=\"https:\/\/buch-ist-mehr.de\/shop\/produkt-schlagwort\/johannes-sieben\">\n\t\t\t\t\t\t<span class=\"elementor-button-content-wrapper\">\n\t\t\t\t\t\t\t\t\t<span class=\"elementor-button-text\">Zum Verlag-Shop<\/span>\n\t\t\t\t\t<\/span>\n\t\t\t\t\t<\/a>\n\t\t\t\t<\/div>\n\t\t\t\t\t\t\t\t<\/div>\n\t\t\t\t<\/div>\n\t\t\t\t<div class=\"elementor-element elementor-element-76d2fd1e elementor-align-center elementor-widget__width-auto elementor-widget elementor-widget-button\" data-id=\"76d2fd1e\" data-element_type=\"widget\" data-widget_type=\"button.default\">\n\t\t\t\t<div class=\"elementor-widget-container\">\n\t\t\t\t\t\t\t\t\t<div class=\"elementor-button-wrapper\">\n\t\t\t\t\t<a class=\"elementor-button elementor-button-link elementor-size-lg\" href=\"https:\/\/www.erft-kurier.de\/juechen\/klosterrauschen-dr-johannes-sieben-packt-naechstes-tabuthema-an_aid-36228679\" target=\"_blank\">\n\t\t\t\t\t\t<span class=\"elementor-button-content-wrapper\">\n\t\t\t\t\t\t\t\t\t<span class=\"elementor-button-text\">Zeitungsbericht<\/span>\n\t\t\t\t\t<\/span>\n\t\t\t\t\t<\/a>\n\t\t\t\t<\/div>\n\t\t\t\t\t\t\t\t<\/div>\n\t\t\t\t<\/div>\n\t\t\t\t\t<\/div>\n\t\t<\/div>\n\t\t\t\t\t<\/div>\n\t\t<\/section>\n\t\t\t\t<\/div>\n\t\t","protected":false},"excerpt":{"rendered":"<p>Ich bin Baujahr 1953, also schon ein \u00e4lteres, aber noch recht funktionsf\u00e4higes Modell. Nach meinem Medizinstudium und der Promotion, sowie einer fast sechsj\u00e4hrigen Facharztausbildung habe ich 1987 eine Landpraxis in einem kleinen Dreihundertseelendorf im Rheinland er\u00f6ffnet, die mich heute noch erf\u00fcllt. Wenn ich an so manches jetzt schon denke, an Ruhestand gewiss nicht. Ein Leben [&hellip;]<\/p>\n","protected":false},"author":28,"featured_media":4887,"comment_status":"closed","ping_status":"closed","sticky":false,"template":"","format":"standard","meta":{"footnotes":""},"categories":[1645],"tags":[1044,952,1047,950],"class_list":["post-4886","post","type-post","status-publish","format-standard","has-post-thumbnail","hentry","category-autor","tag-johannes-sieben","tag-leben","tag-medizin","tag-tod"],"yoast_head":"<!-- This site is optimized with the Yoast SEO plugin v26.2 - https:\/\/yoast.com\/wordpress\/plugins\/seo\/ -->\n<title>Johannes Sieben - Verlag 3.0<\/title>\n<meta name=\"description\" content=\"Johannes Sieben, Autor von Himmelsstaub, Klosterrauschen und Paedoleaks.\" \/>\n<meta name=\"robots\" content=\"index, follow, max-snippet:-1, max-image-preview:large, max-video-preview:-1\" \/>\n<link rel=\"canonical\" href=\"https:\/\/buch-ist-mehr.de\/shop\/johannes-sieben\/\" \/>\n<meta property=\"og:locale\" content=\"de_DE\" \/>\n<meta property=\"og:type\" content=\"article\" \/>\n<meta property=\"og:title\" content=\"Johannes Sieben - Verlag 3.0\" \/>\n<meta property=\"og:description\" content=\"Johannes Sieben, Autor von Himmelsstaub, Klosterrauschen und Paedoleaks.\" \/>\n<meta property=\"og:url\" content=\"https:\/\/buch-ist-mehr.de\/shop\/johannes-sieben\/\" \/>\n<meta property=\"og:site_name\" content=\"Verlag 3.0\" \/>\n<meta property=\"article:published_time\" content=\"2021-09-25T09:01:49+00:00\" \/>\n<meta property=\"article:modified_time\" content=\"2021-09-25T15:36:08+00:00\" \/>\n<meta property=\"og:image\" content=\"https:\/\/buch-ist-mehr.de\/shop\/wp-content\/uploads\/2021\/09\/Autor_Dr._Johannes_Sieben.jpg\" \/>\n\t<meta property=\"og:image:width\" content=\"1224\" \/>\n\t<meta property=\"og:image:height\" content=\"1632\" \/>\n\t<meta property=\"og:image:type\" content=\"image\/jpeg\" \/>\n<meta name=\"author\" content=\"Verlag 3.0\" \/>\n<meta name=\"twitter:card\" content=\"summary_large_image\" \/>\n<meta name=\"twitter:label1\" content=\"Verfasst von\" \/>\n\t<meta name=\"twitter:data1\" content=\"Verlag 3.0\" \/>\n\t<meta name=\"twitter:label2\" content=\"Gesch\u00e4tzte Lesezeit\" \/>\n\t<meta name=\"twitter:data2\" content=\"4\u00a0Minuten\" \/>\n<script type=\"application\/ld+json\" class=\"yoast-schema-graph\">{\"@context\":\"https:\/\/schema.org\",\"@graph\":[{\"@type\":\"Article\",\"@id\":\"https:\/\/buch-ist-mehr.de\/shop\/johannes-sieben\/#article\",\"isPartOf\":{\"@id\":\"https:\/\/buch-ist-mehr.de\/shop\/johannes-sieben\/\"},\"author\":{\"name\":\"Verlag 3.0\",\"@id\":\"https:\/\/buch-ist-mehr.de\/shop\/#\/schema\/person\/5f7efdeabc2074db8a3527ac5b4838fc\"},\"headline\":\"Johannes Sieben\",\"datePublished\":\"2021-09-25T09:01:49+00:00\",\"dateModified\":\"2021-09-25T15:36:08+00:00\",\"mainEntityOfPage\":{\"@id\":\"https:\/\/buch-ist-mehr.de\/shop\/johannes-sieben\/\"},\"wordCount\":973,\"publisher\":{\"@id\":\"https:\/\/buch-ist-mehr.de\/shop\/#organization\"},\"image\":{\"@id\":\"https:\/\/buch-ist-mehr.de\/shop\/johannes-sieben\/#primaryimage\"},\"thumbnailUrl\":\"https:\/\/buch-ist-mehr.de\/shop\/wp-content\/uploads\/2021\/09\/Autor_Dr._Johannes_Sieben.jpg\",\"keywords\":[\"Johannes Sieben\",\"Leben\",\"Medizin\",\"Tod\"],\"articleSection\":[\"Autor\"],\"inLanguage\":\"de\"},{\"@type\":\"WebPage\",\"@id\":\"https:\/\/buch-ist-mehr.de\/shop\/johannes-sieben\/\",\"url\":\"https:\/\/buch-ist-mehr.de\/shop\/johannes-sieben\/\",\"name\":\"Johannes Sieben - Verlag 3.0\",\"isPartOf\":{\"@id\":\"https:\/\/buch-ist-mehr.de\/shop\/#website\"},\"primaryImageOfPage\":{\"@id\":\"https:\/\/buch-ist-mehr.de\/shop\/johannes-sieben\/#primaryimage\"},\"image\":{\"@id\":\"https:\/\/buch-ist-mehr.de\/shop\/johannes-sieben\/#primaryimage\"},\"thumbnailUrl\":\"https:\/\/buch-ist-mehr.de\/shop\/wp-content\/uploads\/2021\/09\/Autor_Dr._Johannes_Sieben.jpg\",\"datePublished\":\"2021-09-25T09:01:49+00:00\",\"dateModified\":\"2021-09-25T15:36:08+00:00\",\"description\":\"Johannes Sieben, Autor von Himmelsstaub, Klosterrauschen und Paedoleaks.\",\"breadcrumb\":{\"@id\":\"https:\/\/buch-ist-mehr.de\/shop\/johannes-sieben\/#breadcrumb\"},\"inLanguage\":\"de\",\"potentialAction\":[{\"@type\":\"ReadAction\",\"target\":[\"https:\/\/buch-ist-mehr.de\/shop\/johannes-sieben\/\"]}]},{\"@type\":\"ImageObject\",\"inLanguage\":\"de\",\"@id\":\"https:\/\/buch-ist-mehr.de\/shop\/johannes-sieben\/#primaryimage\",\"url\":\"https:\/\/buch-ist-mehr.de\/shop\/wp-content\/uploads\/2021\/09\/Autor_Dr._Johannes_Sieben.jpg\",\"contentUrl\":\"https:\/\/buch-ist-mehr.de\/shop\/wp-content\/uploads\/2021\/09\/Autor_Dr._Johannes_Sieben.jpg\",\"width\":1224,\"height\":1632,\"caption\":\"Johannes Sieben\"},{\"@type\":\"BreadcrumbList\",\"@id\":\"https:\/\/buch-ist-mehr.de\/shop\/johannes-sieben\/#breadcrumb\",\"itemListElement\":[{\"@type\":\"ListItem\",\"position\":1,\"name\":\"Startseite\",\"item\":\"https:\/\/buch-ist-mehr.de\/shop\/\"},{\"@type\":\"ListItem\",\"position\":2,\"name\":\"Johannes Sieben\"}]},{\"@type\":\"WebSite\",\"@id\":\"https:\/\/buch-ist-mehr.de\/shop\/#website\",\"url\":\"https:\/\/buch-ist-mehr.de\/shop\/\",\"name\":\"Verlag 3.0\",\"description\":\"\",\"publisher\":{\"@id\":\"https:\/\/buch-ist-mehr.de\/shop\/#organization\"},\"potentialAction\":[{\"@type\":\"SearchAction\",\"target\":{\"@type\":\"EntryPoint\",\"urlTemplate\":\"https:\/\/buch-ist-mehr.de\/shop\/?s={search_term_string}\"},\"query-input\":{\"@type\":\"PropertyValueSpecification\",\"valueRequired\":true,\"valueName\":\"search_term_string\"}}],\"inLanguage\":\"de\"},{\"@type\":\"Organization\",\"@id\":\"https:\/\/buch-ist-mehr.de\/shop\/#organization\",\"name\":\"Verlag 3.0\",\"url\":\"https:\/\/buch-ist-mehr.de\/shop\/\",\"logo\":{\"@type\":\"ImageObject\",\"inLanguage\":\"de\",\"@id\":\"https:\/\/buch-ist-mehr.de\/shop\/#\/schema\/logo\/image\/\",\"url\":\"https:\/\/buch-ist-mehr.de\/shop\/wp-content\/uploads\/2017\/10\/logo_mit_schriftzug.png\",\"contentUrl\":\"https:\/\/buch-ist-mehr.de\/shop\/wp-content\/uploads\/2017\/10\/logo_mit_schriftzug.png\",\"width\":1538,\"height\":865,\"caption\":\"Verlag 3.0\"},\"image\":{\"@id\":\"https:\/\/buch-ist-mehr.de\/shop\/#\/schema\/logo\/image\/\"}},{\"@type\":\"Person\",\"@id\":\"https:\/\/buch-ist-mehr.de\/shop\/#\/schema\/person\/5f7efdeabc2074db8a3527ac5b4838fc\",\"name\":\"Verlag 3.0\",\"image\":{\"@type\":\"ImageObject\",\"inLanguage\":\"de\",\"@id\":\"https:\/\/buch-ist-mehr.de\/shop\/#\/schema\/person\/image\/\",\"url\":\"https:\/\/secure.gravatar.com\/avatar\/31472bef343372bddb06c60fe8c0aaa07c1bcafd167eb8e1246240b42a39b41c?s=96&d=blank&r=g\",\"contentUrl\":\"https:\/\/secure.gravatar.com\/avatar\/31472bef343372bddb06c60fe8c0aaa07c1bcafd167eb8e1246240b42a39b41c?s=96&d=blank&r=g\",\"caption\":\"Verlag 3.0\"},\"url\":\"https:\/\/buch-ist-mehr.de\/shop\/author\/verlag-3-0\/\"}]}<\/script>\n<!-- \/ Yoast SEO plugin. -->","yoast_head_json":{"title":"Johannes Sieben - Verlag 3.0","description":"Johannes Sieben, Autor von Himmelsstaub, Klosterrauschen und Paedoleaks.","robots":{"index":"index","follow":"follow","max-snippet":"max-snippet:-1","max-image-preview":"max-image-preview:large","max-video-preview":"max-video-preview:-1"},"canonical":"https:\/\/buch-ist-mehr.de\/shop\/johannes-sieben\/","og_locale":"de_DE","og_type":"article","og_title":"Johannes Sieben - Verlag 3.0","og_description":"Johannes Sieben, Autor von Himmelsstaub, Klosterrauschen und Paedoleaks.","og_url":"https:\/\/buch-ist-mehr.de\/shop\/johannes-sieben\/","og_site_name":"Verlag 3.0","article_published_time":"2021-09-25T09:01:49+00:00","article_modified_time":"2021-09-25T15:36:08+00:00","og_image":[{"width":1224,"height":1632,"url":"https:\/\/buch-ist-mehr.de\/shop\/wp-content\/uploads\/2021\/09\/Autor_Dr._Johannes_Sieben.jpg","type":"image\/jpeg"}],"author":"Verlag 3.0","twitter_card":"summary_large_image","twitter_misc":{"Verfasst von":"Verlag 3.0","Gesch\u00e4tzte Lesezeit":"4\u00a0Minuten"},"schema":{"@context":"https:\/\/schema.org","@graph":[{"@type":"Article","@id":"https:\/\/buch-ist-mehr.de\/shop\/johannes-sieben\/#article","isPartOf":{"@id":"https:\/\/buch-ist-mehr.de\/shop\/johannes-sieben\/"},"author":{"name":"Verlag 3.0","@id":"https:\/\/buch-ist-mehr.de\/shop\/#\/schema\/person\/5f7efdeabc2074db8a3527ac5b4838fc"},"headline":"Johannes Sieben","datePublished":"2021-09-25T09:01:49+00:00","dateModified":"2021-09-25T15:36:08+00:00","mainEntityOfPage":{"@id":"https:\/\/buch-ist-mehr.de\/shop\/johannes-sieben\/"},"wordCount":973,"publisher":{"@id":"https:\/\/buch-ist-mehr.de\/shop\/#organization"},"image":{"@id":"https:\/\/buch-ist-mehr.de\/shop\/johannes-sieben\/#primaryimage"},"thumbnailUrl":"https:\/\/buch-ist-mehr.de\/shop\/wp-content\/uploads\/2021\/09\/Autor_Dr._Johannes_Sieben.jpg","keywords":["Johannes Sieben","Leben","Medizin","Tod"],"articleSection":["Autor"],"inLanguage":"de"},{"@type":"WebPage","@id":"https:\/\/buch-ist-mehr.de\/shop\/johannes-sieben\/","url":"https:\/\/buch-ist-mehr.de\/shop\/johannes-sieben\/","name":"Johannes Sieben - Verlag 3.0","isPartOf":{"@id":"https:\/\/buch-ist-mehr.de\/shop\/#website"},"primaryImageOfPage":{"@id":"https:\/\/buch-ist-mehr.de\/shop\/johannes-sieben\/#primaryimage"},"image":{"@id":"https:\/\/buch-ist-mehr.de\/shop\/johannes-sieben\/#primaryimage"},"thumbnailUrl":"https:\/\/buch-ist-mehr.de\/shop\/wp-content\/uploads\/2021\/09\/Autor_Dr._Johannes_Sieben.jpg","datePublished":"2021-09-25T09:01:49+00:00","dateModified":"2021-09-25T15:36:08+00:00","description":"Johannes Sieben, Autor von Himmelsstaub, Klosterrauschen und Paedoleaks.","breadcrumb":{"@id":"https:\/\/buch-ist-mehr.de\/shop\/johannes-sieben\/#breadcrumb"},"inLanguage":"de","potentialAction":[{"@type":"ReadAction","target":["https:\/\/buch-ist-mehr.de\/shop\/johannes-sieben\/"]}]},{"@type":"ImageObject","inLanguage":"de","@id":"https:\/\/buch-ist-mehr.de\/shop\/johannes-sieben\/#primaryimage","url":"https:\/\/buch-ist-mehr.de\/shop\/wp-content\/uploads\/2021\/09\/Autor_Dr._Johannes_Sieben.jpg","contentUrl":"https:\/\/buch-ist-mehr.de\/shop\/wp-content\/uploads\/2021\/09\/Autor_Dr._Johannes_Sieben.jpg","width":1224,"height":1632,"caption":"Johannes Sieben"},{"@type":"BreadcrumbList","@id":"https:\/\/buch-ist-mehr.de\/shop\/johannes-sieben\/#breadcrumb","itemListElement":[{"@type":"ListItem","position":1,"name":"Startseite","item":"https:\/\/buch-ist-mehr.de\/shop\/"},{"@type":"ListItem","position":2,"name":"Johannes Sieben"}]},{"@type":"WebSite","@id":"https:\/\/buch-ist-mehr.de\/shop\/#website","url":"https:\/\/buch-ist-mehr.de\/shop\/","name":"Verlag 3.0","description":"","publisher":{"@id":"https:\/\/buch-ist-mehr.de\/shop\/#organization"},"potentialAction":[{"@type":"SearchAction","target":{"@type":"EntryPoint","urlTemplate":"https:\/\/buch-ist-mehr.de\/shop\/?s={search_term_string}"},"query-input":{"@type":"PropertyValueSpecification","valueRequired":true,"valueName":"search_term_string"}}],"inLanguage":"de"},{"@type":"Organization","@id":"https:\/\/buch-ist-mehr.de\/shop\/#organization","name":"Verlag 3.0","url":"https:\/\/buch-ist-mehr.de\/shop\/","logo":{"@type":"ImageObject","inLanguage":"de","@id":"https:\/\/buch-ist-mehr.de\/shop\/#\/schema\/logo\/image\/","url":"https:\/\/buch-ist-mehr.de\/shop\/wp-content\/uploads\/2017\/10\/logo_mit_schriftzug.png","contentUrl":"https:\/\/buch-ist-mehr.de\/shop\/wp-content\/uploads\/2017\/10\/logo_mit_schriftzug.png","width":1538,"height":865,"caption":"Verlag 3.0"},"image":{"@id":"https:\/\/buch-ist-mehr.de\/shop\/#\/schema\/logo\/image\/"}},{"@type":"Person","@id":"https:\/\/buch-ist-mehr.de\/shop\/#\/schema\/person\/5f7efdeabc2074db8a3527ac5b4838fc","name":"Verlag 3.0","image":{"@type":"ImageObject","inLanguage":"de","@id":"https:\/\/buch-ist-mehr.de\/shop\/#\/schema\/person\/image\/","url":"https:\/\/secure.gravatar.com\/avatar\/31472bef343372bddb06c60fe8c0aaa07c1bcafd167eb8e1246240b42a39b41c?s=96&d=blank&r=g","contentUrl":"https:\/\/secure.gravatar.com\/avatar\/31472bef343372bddb06c60fe8c0aaa07c1bcafd167eb8e1246240b42a39b41c?s=96&d=blank&r=g","caption":"Verlag 3.0"},"url":"https:\/\/buch-ist-mehr.de\/shop\/author\/verlag-3-0\/"}]}},"_links":{"self":[{"href":"https:\/\/buch-ist-mehr.de\/shop\/wp-json\/wp\/v2\/posts\/4886","targetHints":{"allow":["GET"]}}],"collection":[{"href":"https:\/\/buch-ist-mehr.de\/shop\/wp-json\/wp\/v2\/posts"}],"about":[{"href":"https:\/\/buch-ist-mehr.de\/shop\/wp-json\/wp\/v2\/types\/post"}],"author":[{"embeddable":true,"href":"https:\/\/buch-ist-mehr.de\/shop\/wp-json\/wp\/v2\/users\/28"}],"replies":[{"embeddable":true,"href":"https:\/\/buch-ist-mehr.de\/shop\/wp-json\/wp\/v2\/comments?post=4886"}],"version-history":[{"count":13,"href":"https:\/\/buch-ist-mehr.de\/shop\/wp-json\/wp\/v2\/posts\/4886\/revisions"}],"predecessor-version":[{"id":4902,"href":"https:\/\/buch-ist-mehr.de\/shop\/wp-json\/wp\/v2\/posts\/4886\/revisions\/4902"}],"wp:featuredmedia":[{"embeddable":true,"href":"https:\/\/buch-ist-mehr.de\/shop\/wp-json\/wp\/v2\/media\/4887"}],"wp:attachment":[{"href":"https:\/\/buch-ist-mehr.de\/shop\/wp-json\/wp\/v2\/media?parent=4886"}],"wp:term":[{"taxonomy":"category","embeddable":true,"href":"https:\/\/buch-ist-mehr.de\/shop\/wp-json\/wp\/v2\/categories?post=4886"},{"taxonomy":"post_tag","embeddable":true,"href":"https:\/\/buch-ist-mehr.de\/shop\/wp-json\/wp\/v2\/tags?post=4886"}],"curies":[{"name":"wp","href":"https:\/\/api.w.org\/{rel}","templated":true}]}}